{"id":15764,"date":"2025-04-08T11:57:16","date_gmt":"2025-04-08T09:57:16","guid":{"rendered":"https:\/\/eihp.hr\/?p=15764"},"modified":"2025-04-08T12:01:02","modified_gmt":"2025-04-08T10:01:02","slug":"dani-energetske-tranzicije-istarske-zupanije","status":"publish","type":"post","link":"https:\/\/eihp.hr\/en\/dani-energetske-tranzicije-istarske-zupanije\/","title":{"rendered":"Energy Transition Days of the Istrian County"},"content":{"rendered":"<p>We are pleased to invite you to the conference \"Energy Transition Days of Istria County,\" which will be held on April 15th and 16th, 2025, at the small hall of the Franko Mileta Sports Center in Labin, starting at 10:00 AM. The conference is organized by <a href=\"https:\/\/www.irena-istra.hr\/hr\/podsiteovi\/irena\/\" target=\"_blank\" rel=\"noopener\">IRENA \u2013 Istrian Regional Energy Agency<\/a>,in collaboration with <a href=\"https:\/\/www.istra-istria.hr\/en\/region-of-istria\/home\/\" target=\"_blank\" rel=\"noopener\">Istria County<\/a> and the Energy Institute Hrvoje Po\u017ear.<\/p>\n\n\n\n<p>This year\u2019s conference will focus on two current topics \u2013 the first day will be dedicated to green and sustainable mobility, while the second day will focus on the highly relevant topic of energy communities.<\/p>\n\n\n\n<p>The Energy Transition Days of Istria County will bring together leading experts, representatives of the public and private sectors, and stakeholders who are actively involved in shaping the energy future. Through panel discussions and successful project examples, participants will have the opportunity to exchange knowledge, experiences, and best practices that contribute to the sustainable development of Istria County and beyond.<\/p>\n\n\n\n<p>You can view the entire conference program <a href=\"https:\/\/eihp.hr\/wp-content\/uploads\/2025\/04\/Program-1.pdf\">HERE<\/a>.<\/p>\n\n\n\n<p>Participation in the conference is free of charge, with mandatory registration by Friday, April 11th, 2025, via the following link: <a href=\"https:\/\/docs.google.com\/forms\/d\/e\/1FAIpQLSdmVufcAIdlbq9iSoqecTHGIlslMI-pPBRgukbemwwRX6ClFg\/viewform\" target=\"_blank\" rel=\"noopener\">https:\/\/forms.gle\/X5GMBHtcN5VZiDuE6 \u00a0<\/a><\/p>\n\n\n\n<p>For additional information, please contact <a href=\"mailto:irena@irena-istra.hr\">irena@irena-istra.hr<\/a>.<\/p>\n\n\n\n<p>We look forward to your participation and a joint discussion on the future of energy transition in Istria!<\/p>","protected":false},"excerpt":{"rendered":"<p>Zadovoljstvo nam je pozvati vas na konferenciju \u201eDani energetske tranzicije Istarske \u017eupanije\u201c, koja \u0107e se odr\u017eati 15. i 16. travnja 2025. godine u maloj dvorani Sportskog centra Franko Mileta u Labinu, s po\u010detkom u 10 sati. Organizator konferencije je IRENA \u2013 Istarska Regionalna Energetska Agencija, u suradnji s Istarskom \u017eupanijom i Energetskim institutom Hrvoje Po\u017ear. [&hellip;]<\/p>","protected":false},"author":5,"featured_media":15767,"comment_status":"closed","ping_status":"closed","sticky":false,"template":"","format":"standard","meta":{"footnotes":""},"categories":[26],"tags":[],"class_list":["post-15764","post","type-post","status-publish","format-standard","has-post-thumbnail","hentry","category-dogadanja"],"_links":{"self":[{"href":"https:\/\/eihp.hr\/en\/wp-json\/wp\/v2\/posts\/15764","targetHints":{"allow":["GET"]}}],"collection":[{"href":"https:\/\/eihp.hr\/en\/wp-json\/wp\/v2\/posts"}],"about":[{"href":"https:\/\/eihp.hr\/en\/wp-json\/wp\/v2\/types\/post"}],"author":[{"embeddable":true,"href":"https:\/\/eihp.hr\/en\/wp-json\/wp\/v2\/users\/5"}],"replies":[{"embeddable":true,"href":"https:\/\/eihp.hr\/en\/wp-json\/wp\/v2\/comments?post=15764"}],"version-history":[{"count":10,"href":"https:\/\/eihp.hr\/en\/wp-json\/wp\/v2\/posts\/15764\/revisions"}],"predecessor-version":[{"id":15781,"href":"https:\/\/eihp.hr\/en\/wp-json\/wp\/v2\/posts\/15764\/revisions\/15781"}],"wp:featuredmedia":[{"embeddable":true,"href":"https:\/\/eihp.hr\/en\/wp-json\/wp\/v2\/media\/15767"}],"wp:attachment":[{"href":"https:\/\/eihp.hr\/en\/wp-json\/wp\/v2\/media?parent=15764"}],"wp:term":[{"taxonomy":"category","embeddable":true,"href":"https:\/\/eihp.hr\/en\/wp-json\/wp\/v2\/categories?post=15764"},{"taxonomy":"post_tag","embeddable":true,"href":"https:\/\/eihp.hr\/en\/wp-json\/wp\/v2\/tags?post=15764"}],"curies":[{"name":"wp","href":"https:\/\/api.w.org\/{rel}","templated":true}]}}