{"id":3040,"date":"2016-11-14T15:47:58","date_gmt":"2016-11-14T14:47:58","guid":{"rendered":"http:\/\/www.eihp.hr\/?p=3040"},"modified":"2016-11-14T15:47:58","modified_gmt":"2016-11-14T14:47:58","slug":"studijski-posjet-delegacije-s-islanda-i-njihovih-partnera-eihp-u","status":"publish","type":"post","link":"https:\/\/eihp.hr\/en\/studijski-posjet-delegacije-s-islanda-i-njihovih-partnera-eihp-u\/","title":{"rendered":"Studijski posjet delegacije s Islanda i njihovih partnera EIHP-u"},"content":{"rendered":"<p><a href=\"https:\/\/eihp.hr\/en\/studijski-posjet-delegacije-s-islanda-i-njihovih-partnera-eihp-u\/eea_grant\/\" rel=\"attachment wp-att-3054\"><img decoding=\"async\" class=\"size-medium wp-image-3054 aligncenter\" src=\"http:\/\/www.eihp.hr\/wp-content\/uploads\/2016\/11\/eea_grant-300x95.jpg\" alt=\"eea_grant\" width=\"300\" height=\"95\" srcset=\"https:\/\/eihp.hr\/wp-content\/uploads\/2016\/11\/eea_grant-300x95.jpg 300w, https:\/\/eihp.hr\/wp-content\/uploads\/2016\/11\/eea_grant-1024x325.jpg 1024w, https:\/\/eihp.hr\/wp-content\/uploads\/2016\/11\/eea_grant-768x244.jpg 768w, https:\/\/eihp.hr\/wp-content\/uploads\/2016\/11\/eea_grant-1536x488.jpg 1536w, https:\/\/eihp.hr\/wp-content\/uploads\/2016\/11\/eea_grant-2048x651.jpg 2048w\" sizes=\"(max-width: 300px) 100vw, 300px\" \/><\/a><br \/>\nOd 7. do 9. studenog 2016. godine, kao dio Projekta \u201eKori\u0161tenje potencijala geotermalne energije u Republici Hrvatskoj\u201c u okviru Programa za financiranje bilateralnih aktivnosti iz Financijskih mehanizama Kraljevine Norve\u0161ke i Europskog gospodarskog prostora (EGP), u radnom posjetu Energetskom institutu Hrvoje Po\u017ear (EIHP), hrvatskom partneru na projektu, boravila je delegacija s Islanda i njihovih suradnika specijaliziranih za podru\u010dje geotermalne energije.<br \/>\nU delegaciji, koju je predvodio je g. J\u00f3n Ragnar Gu\u00f0mundsson, specijalist za in\u017eenjerski menad\u017ement i daljinsko grijanje iz Nacionalne energetske agencije Islanda, islandskog partnera na projektu, jo\u0161 su sudjelovali g. J. R\u00fanar Magn\u00fasson, voditelj odjela za geotermalnu energiju islandske kompanije EFLA CONSULTING ENGINEERS, te geolo\u0161ki specijalisti g\u0111a. Jill R. Haizlip i g\u0111a. Manon M. Stover iz ameri\u010dke kompanije GEOLOGICA Geothermal Group.<br \/>\nPrvog dana posjeta predstavnici Energetskog instituta Hrvoje Po\u017ear, kojima se pridru\u017eila predstavnica ministarstva nadle\u017enog za energetiku, upoznali su islandsku delegaciju s organizacijom i sudionicama na Projektu, geotermalnim potencijalom i lokacijama te pravnim okvirom za geotermalne projekte u Republici Hrvatskoj. Tako\u0111er, islandski partneri su prezentirali doma\u0107inima geotermalne izvore i njihovo kori\u0161tenje na Islandu, s naglaskom na daljinsko grijanje.<br \/>\nIstog je dana, islandska i hrvatska delegacija posjetila Grad Karlovac i Gradsku Toplanu Karlovac gdje su ih visoki predstavnici Grada Karlovca i Gradske Toplane Karlovac detaljno upoznali s lokalnim potencijalom geotermalne energije te planovima i o\u010dekivanjima u pogledu iskori\u0161tavanja geotermalne energije za energetske i druge potrebe na podru\u010dju Karlovca.<br \/>\nDrugi dan, delegacija je posjetila Grad Kri\u017eevce gdje su visoki predstavnici gradske uprave kojima se pridru\u017eila i dekanica Visokog gospodarskog u\u010dili\u0161ta, detaljno predstavili geotermalne potencijale, mogu\u0107nosti i planove za kori\u0161tenje geotermalne energije na podru\u010dju Kri\u017eevaca. Uz Gradsku upravu, delegacija je posjetila i lokaciju gdje je smje\u0161tena geotermalna bu\u0161otina.<br \/>\nIstog je dana organiziran i studijski posjet Vara\u017edinskim Toplicama u okviru kojeg su visoki predstavnici Specijalne bolnice za medicinsku rehabilitaciju Vara\u017edinke Toplice i gradske uprave upoznali delegaciju s razvojnim planovima Specijalne bolnice i Grada Vara\u017edinke Toplice vezanim uz eksploataciju geotermalne energije za energetske i druge potrebe. Delegacija je tako\u0111er razgledala lokalne izvore geotermalne energije te tehni\u010dko-tehnolo\u0161ki sustav bolnice.<br \/>\nTre\u0107i, posljednji dan studijskog posjeta organiziran je dolazak visokih predstavnika Op\u0107ine Krapinske Toplice i Specijalne bolnice za medicinsku rehabilitaciju Krapinske Toplice u Energetski institut Hrvoje Po\u017ear koji su doma\u0107inima predstavili geotermalne potencijale te planove i mogu\u0107nosti za njihovo kori\u0161tenje na podru\u010dju Krapinskih Toplica.<br \/>\nPotom je direktor trgova\u010dkog dru\u0161tva za proizvodnju, distribuciju i opskrbu toplinskom energijom Tehnostan d.o.o. iz Vukovara, detaljno upoznao delegaciju s geotermalnim potencijalima i mogu\u0107nostima za kori\u0161tenje geotermalne energije za primarno energetske (daljinsko grijanje), ali i druge potrebe na podru\u010dju grada Vukovara.<br \/>\nU drugom dijelu posljednjeg dana posjeta odr\u017ean je i radni sastanak obaju partnera s predstavnicima Ministarstva regionalnoga razvoja i fondova Europske unije i ministarstva nadle\u017enog za energetiku gdje su prezentirane dosada\u0161nje aktivnosti izvr\u0161ene u okviru Projekta te planovi za budu\u0107i period (zavr\u0161na konferencija o geotermalnoj energiji u RH i studija o geotermalnom potencijalu). Ujedno su raspravljena i sva dodatna pitanja potrebna za uspje\u0161nu realizaciju projekta.<br \/>\nKona\u010dno, svi uklju\u010deni ovaj studijski posjet, kako predstavnici islandske delegacije, tako i doma\u0107ini i predstavnici hrvatske strane, izrazili su zadovoljstvo organiziranim posjetima i sastancima te istaknuli svoju spremnost i potporu budu\u0107im projektnim aktivnostima.<br \/>\n<a href=\"http:\/\/www.eihp.hr\/wp-content\/uploads\/2016\/11\/Studijski-posjet-delegacije-s-Islanda_ENG.pdf\" rel=\"attachment wp-att-3055\"><img decoding=\"async\" class=\"alignnone  wp-image-3055\" src=\"http:\/\/www.eihp.hr\/wp-content\/uploads\/2016\/11\/engl-300x150.png\" alt=\"engl\" width=\"39\" height=\"23\" \/><\/a><br \/>\n<div id='gallery-1' class='gallery galleryid-3040 gallery-columns-2 gallery-size-medium'><figure class='gallery-item'>\n\t\t\t<div class='gallery-icon landscape'>\n\t\t\t\t<a href='https:\/\/eihp.hr\/en\/island_geo-7\/'><img fetchpriority=\"high\" decoding=\"async\" width=\"300\" height=\"193\" src=\"https:\/\/eihp.hr\/wp-content\/uploads\/2016\/11\/Island_geo-7-300x193.jpg\" class=\"attachment-medium size-medium\" alt=\"\" aria-describedby=\"gallery-1-3046\" srcset=\"https:\/\/eihp.hr\/wp-content\/uploads\/2016\/11\/Island_geo-7-300x193.jpg 300w, https:\/\/eihp.hr\/wp-content\/uploads\/2016\/11\/Island_geo-7-1024x658.jpg 1024w, https:\/\/eihp.hr\/wp-content\/uploads\/2016\/11\/Island_geo-7-768x494.jpg 768w, https:\/\/eihp.hr\/wp-content\/uploads\/2016\/11\/Island_geo-7-1536x987.jpg 1536w, https:\/\/eihp.hr\/wp-content\/uploads\/2016\/11\/Island_geo-7.jpg 1749w\" sizes=\"(max-width: 300px) 100vw, 300px\" \/><\/a>\n\t\t\t<\/div>\n\t\t\t\t<figcaption class='wp-caption-text gallery-caption' id='gallery-1-3046'>\n\t\t\t\tPosjeta Gradskoj toplani Karlovac d.o.o.\n\t\t\t\t<\/figcaption><\/figure><figure class='gallery-item'>\n\t\t\t<div class='gallery-icon landscape'>\n\t\t\t\t<a href='https:\/\/eihp.hr\/en\/island_geo-4\/'><img loading=\"lazy\" decoding=\"async\" width=\"300\" height=\"193\" src=\"https:\/\/eihp.hr\/wp-content\/uploads\/2016\/11\/Island_geo-4-300x193.jpg\" class=\"attachment-medium size-medium\" alt=\"\" aria-describedby=\"gallery-1-3045\" srcset=\"https:\/\/eihp.hr\/wp-content\/uploads\/2016\/11\/Island_geo-4-300x193.jpg 300w, https:\/\/eihp.hr\/wp-content\/uploads\/2016\/11\/Island_geo-4-1024x658.jpg 1024w, https:\/\/eihp.hr\/wp-content\/uploads\/2016\/11\/Island_geo-4-768x494.jpg 768w, https:\/\/eihp.hr\/wp-content\/uploads\/2016\/11\/Island_geo-4-1536x987.jpg 1536w, https:\/\/eihp.hr\/wp-content\/uploads\/2016\/11\/Island_geo-4.jpg 1749w\" sizes=\"(max-width: 300px) 100vw, 300px\" \/><\/a>\n\t\t\t<\/div>\n\t\t\t\t<figcaption class='wp-caption-text gallery-caption' id='gallery-1-3045'>\n\t\t\t\tPartneri na lokaciji geotermalnog izvora na rimskom arheolo\u0161kom lokalitetu u Vara\u017edinskim toplicama\n\t\t\t\t<\/figcaption><\/figure><figure class='gallery-item'>\n\t\t\t<div class='gallery-icon portrait'>\n\t\t\t\t<a href='https:\/\/eihp.hr\/en\/island_geo-3\/'><img loading=\"lazy\" decoding=\"async\" width=\"219\" height=\"300\" src=\"https:\/\/eihp.hr\/wp-content\/uploads\/2016\/11\/Island_geo-3-219x300.jpg\" class=\"attachment-medium size-medium\" alt=\"\" aria-describedby=\"gallery-1-3044\" srcset=\"https:\/\/eihp.hr\/wp-content\/uploads\/2016\/11\/Island_geo-3-219x300.jpg 219w, https:\/\/eihp.hr\/wp-content\/uploads\/2016\/11\/Island_geo-3-746x1024.jpg 746w, https:\/\/eihp.hr\/wp-content\/uploads\/2016\/11\/Island_geo-3-768x1053.jpg 768w, https:\/\/eihp.hr\/wp-content\/uploads\/2016\/11\/Island_geo-3-1120x1536.jpg 1120w, https:\/\/eihp.hr\/wp-content\/uploads\/2016\/11\/Island_geo-3.jpg 1458w\" sizes=\"(max-width: 219px) 100vw, 219px\" \/><\/a>\n\t\t\t<\/div>\n\t\t\t\t<figcaption class='wp-caption-text gallery-caption' id='gallery-1-3044'>\n\t\t\t\tLjekovita termalna voda u Vara\u017edinskim toplicama\n\t\t\t\t<\/figcaption><\/figure><figure class='gallery-item'>\n\t\t\t<div class='gallery-icon landscape'>\n\t\t\t\t<a href='https:\/\/eihp.hr\/en\/island_geo-5\/'><img loading=\"lazy\" decoding=\"async\" width=\"300\" height=\"193\" src=\"https:\/\/eihp.hr\/wp-content\/uploads\/2016\/11\/Island_geo-5-300x193.jpg\" class=\"attachment-medium size-medium\" alt=\"\" aria-describedby=\"gallery-1-3043\" srcset=\"https:\/\/eihp.hr\/wp-content\/uploads\/2016\/11\/Island_geo-5-300x193.jpg 300w, https:\/\/eihp.hr\/wp-content\/uploads\/2016\/11\/Island_geo-5-1024x658.jpg 1024w, https:\/\/eihp.hr\/wp-content\/uploads\/2016\/11\/Island_geo-5-768x494.jpg 768w, https:\/\/eihp.hr\/wp-content\/uploads\/2016\/11\/Island_geo-5-1536x987.jpg 1536w, https:\/\/eihp.hr\/wp-content\/uploads\/2016\/11\/Island_geo-5.jpg 1749w\" sizes=\"(max-width: 300px) 100vw, 300px\" \/><\/a>\n\t\t\t<\/div>\n\t\t\t\t<figcaption class='wp-caption-text gallery-caption' id='gallery-1-3043'>\n\t\t\t\tPartneri na lokaciji geotermalne bu\u0161otine u Kri\u017eevcima\n\t\t\t\t<\/figcaption><\/figure><figure class='gallery-item'>\n\t\t\t<div class='gallery-icon portrait'>\n\t\t\t\t<a href='https:\/\/eihp.hr\/en\/island_geo-6\/'><img loading=\"lazy\" decoding=\"async\" width=\"219\" height=\"300\" src=\"https:\/\/eihp.hr\/wp-content\/uploads\/2016\/11\/Island_geo-6-219x300.jpg\" class=\"attachment-medium size-medium\" alt=\"\" aria-describedby=\"gallery-1-3042\" srcset=\"https:\/\/eihp.hr\/wp-content\/uploads\/2016\/11\/Island_geo-6-219x300.jpg 219w, https:\/\/eihp.hr\/wp-content\/uploads\/2016\/11\/Island_geo-6-746x1024.jpg 746w, https:\/\/eihp.hr\/wp-content\/uploads\/2016\/11\/Island_geo-6-768x1053.jpg 768w, https:\/\/eihp.hr\/wp-content\/uploads\/2016\/11\/Island_geo-6-1120x1536.jpg 1120w, https:\/\/eihp.hr\/wp-content\/uploads\/2016\/11\/Island_geo-6.jpg 1458w\" sizes=\"(max-width: 219px) 100vw, 219px\" \/><\/a>\n\t\t\t<\/div>\n\t\t\t\t<figcaption class='wp-caption-text gallery-caption' id='gallery-1-3042'>\n\t\t\t\tU pogonu Gradske toplane Karlovac d.o.o.\n\t\t\t\t<\/figcaption><\/figure><figure class='gallery-item'>\n\t\t\t<div class='gallery-icon landscape'>\n\t\t\t\t<a href='https:\/\/eihp.hr\/en\/island_geo-2\/'><img loading=\"lazy\" decoding=\"async\" width=\"300\" height=\"193\" src=\"https:\/\/eihp.hr\/wp-content\/uploads\/2016\/11\/Island_geo-2-300x193.jpg\" class=\"attachment-medium size-medium\" alt=\"\" aria-describedby=\"gallery-1-3041\" srcset=\"https:\/\/eihp.hr\/wp-content\/uploads\/2016\/11\/Island_geo-2-300x193.jpg 300w, https:\/\/eihp.hr\/wp-content\/uploads\/2016\/11\/Island_geo-2-1024x658.jpg 1024w, https:\/\/eihp.hr\/wp-content\/uploads\/2016\/11\/Island_geo-2-768x494.jpg 768w, https:\/\/eihp.hr\/wp-content\/uploads\/2016\/11\/Island_geo-2-1536x987.jpg 1536w, https:\/\/eihp.hr\/wp-content\/uploads\/2016\/11\/Island_geo-2.jpg 1749w\" sizes=\"(max-width: 300px) 100vw, 300px\" \/><\/a>\n\t\t\t<\/div>\n\t\t\t\t<figcaption class='wp-caption-text gallery-caption' id='gallery-1-3041'>\n\t\t\t\tProjektni partneri iz EIHP\n\t\t\t\t<\/figcaption><\/figure>\n\t\t<\/div>\n<\/p>","protected":false},"excerpt":{"rendered":"<p>Od 7. do 9. studenog 2016. godine, kao dio Projekta \u201eKori\u0161tenje potencijala geotermalne energije u Republici Hrvatskoj\u201c u okviru Programa za financiranje bilateralnih aktivnosti iz Financijskih mehanizama Kraljevine Norve\u0161ke i Europskog gospodarskog prostora (EGP), u radnom posjetu Energetskom institutu Hrvoje Po\u017ear (EIHP), hrvatskom partneru na projektu, boravila je delegacija s Islanda i njihovih suradnika specijaliziranih [&hellip;]<\/p>","protected":false},"author":5,"featured_media":0,"comment_status":"closed","ping_status":"closed","sticky":false,"template":"","format":"standard","meta":{"footnotes":""},"categories":[1],"tags":[],"class_list":["post-3040","post","type-post","status-publish","format-standard","hentry","category-nekategorizirano"],"_links":{"self":[{"href":"https:\/\/eihp.hr\/en\/wp-json\/wp\/v2\/posts\/3040","targetHints":{"allow":["GET"]}}],"collection":[{"href":"https:\/\/eihp.hr\/en\/wp-json\/wp\/v2\/posts"}],"about":[{"href":"https:\/\/eihp.hr\/en\/wp-json\/wp\/v2\/types\/post"}],"author":[{"embeddable":true,"href":"https:\/\/eihp.hr\/en\/wp-json\/wp\/v2\/users\/5"}],"replies":[{"embeddable":true,"href":"https:\/\/eihp.hr\/en\/wp-json\/wp\/v2\/comments?post=3040"}],"version-history":[{"count":0,"href":"https:\/\/eihp.hr\/en\/wp-json\/wp\/v2\/posts\/3040\/revisions"}],"wp:attachment":[{"href":"https:\/\/eihp.hr\/en\/wp-json\/wp\/v2\/media?parent=3040"}],"wp:term":[{"taxonomy":"category","embeddable":true,"href":"https:\/\/eihp.hr\/en\/wp-json\/wp\/v2\/categories?post=3040"},{"taxonomy":"post_tag","embeddable":true,"href":"https:\/\/eihp.hr\/en\/wp-json\/wp\/v2\/tags?post=3040"}],"curies":[{"name":"wp","href":"https:\/\/api.w.org\/{rel}","templated":true}]}}