{"id":3071,"date":"2016-11-24T10:46:11","date_gmt":"2016-11-24T09:46:11","guid":{"rendered":"http:\/\/www.eihp.hr\/?p=3071"},"modified":"2016-11-24T10:46:11","modified_gmt":"2016-11-24T09:46:11","slug":"odrzan-25-forum-hed-a-dan-energije-u-hrvatskoj","status":"publish","type":"post","link":"https:\/\/eihp.hr\/en\/odrzan-25-forum-hed-a-dan-energije-u-hrvatskoj\/","title":{"rendered":"Odr\u017ean 25. Forum HED-a \u2013 Dan energije u Hrvatskoj"},"content":{"rendered":"<p>[et_pb_section admin_label=&#8221;section&#8221;][et_pb_row admin_label=&#8221;row&#8221;][et_pb_column type=&#8221;4_4&#8243;][et_pb_text admin_label=&#8221;Text&#8221; background_layout=&#8221;light&#8221; text_orientation=&#8221;left&#8221; use_border_color=&#8221;off&#8221; border_color=&#8221;#ffffff&#8221; border_style=&#8221;solid&#8221;]<\/p>\n<p style=\"text-align: center;\"><strong>JEDINSTVENA ENERGETSKA I KLIMATSKA POLITIKA U OTVORENOM TR\u017dI\u0160TU ENERGIJE<\/strong><strong><br \/>\nGodina dana nakon COP 21<\/strong><\/p>\n<p><strong><em>\u00a0Hrvatsko energetsko dru\u0161tvo je 18. studenoga o.g. odr\u017ealo svoj\u00a0 25. energetski forum Dan energije u Hrvatskoj s temom: \u201e <\/em>JEDINSTVENA ENERGETSKA I KLIMATSKA POLITIKA U OTVORENOM TR\u017dI\u0160TU ENERGIJE<br \/>\nGodina dana nakon COP 21\u201c <\/strong><br \/>\n<strong><em>\u00a0<\/em><\/strong><em>HED ve\u0107 dvadesetpetu godinu zaredom odr\u017eava svoje forume s razli\u010ditim aktualnim temama, va\u017enim za energetski sektor, a referati i prezentacije omogu\u0107uju upoznavanje stru\u010dnjaka i javnosti s problemima, trendovima i iskustvima drugih zemalja. Ove godine na Forumu je prezentacije odr\u017ealo dvadeset tri energetska stru\u010dnjaka iz \u010ditavog svijeta. Tako su svoje mi\u0161ljenje o energetskoj slici dali predstavnici iz Njema\u010dke, Ukrajine, Francuske,Nizozemske, Velike Britanije i Hrvatske,\u00a0 \u010dime je ostvaren cilj da Forum bude zna\u010dajan me\u0111unarodni energetski skup.<\/em><br \/>\n<em>Postignuti me\u0111unarodni dogovor za o\u010duvanje klime <strong>Okvirna konvencija UN-a o klimatskim promjenama<\/strong> &#8211; \u00a0COP 21 podigao je razinu odgovornosti me\u0111unarodne zajednice za provedbu mjera za o\u010duvanje klime i smanjenje emisija CO2. Politika smanjenja emisija CO2 implicira novi pristup u gospodarenju energijom, odnosno kreiranje jedinstvene energetske i klimatske politike za svaku zemlju, za sve \u010dlanice EU-a i za EU kao cjelinu.<\/em><br \/>\n<em>Dosada\u0161nji koncept poticanja obnovljivih izvora kroz uklanjanje tr\u017ei\u0161nog rizika i rizika cijene, naj\u010de\u0161\u0107e feed-in tarife i obveza otkupa proizvodnje, omogu\u0107io je sigurni plasman proizvodnje, povoljnu cijenu i povrat ulo\u017eenog kapitala u razdoblju od 4-10 godina ovisno o tehnologiji te je doprinio ubrzanom tehnolo\u0161kom razvoju obnovljivih izvora i izgradnji novih elektrana.<br \/>\nS druge strane privilegiranost i za\u0161ti\u0107ena cijena proizvodnje iz obnovljivih izvora, uz sustav trgovanja emisijama koji nije doprinio realnoj objektivizaciji tro\u0161kova smanjenja emisija ili cijene implementacije politike smanjenja emisija CO2, rezultirale su pove\u0107anjem cijena elektri\u010dne energije kod krajnjih kupaca, smanjenjem rada ili ga\u0161enjem plinskih elektrana te privremenim pove\u0107anjem proizvodnje elektrana na ugljen.<\/em><br \/>\n<em>Jedinstvene energetska i klimatska politika trebala bi otkloniti sve nedostatke iz prethodnog razdoblja i \u010dvrsto povezati tro\u0161kove emisija CO2, mjere, tehnolo\u0161ki razvoj te sve temeljiti na otvorenom tr\u017ei\u0161tu energije bez administrativnog utjecaja i privilegiranosti bilo kojeg proizvo\u0111a\u010da, tehnologije ili mjere.<\/em><br \/>\n<em>\u00a0Nazo\u010dne je pozdravio predsjednik Hrvatskog energetskog dru\u0161tva dr. sc. Goran Grani\u0107, Ante \u010cikoti\u0107 (Dr\u017eavni tajnik za energetiku), Prof.dr.sc. Vladimir Andro\u010dec (Predsjednik Akademije tehni\u010dkih znanosti Hrvatske) i Nikica Valenti\u0107 (Izaslanik predsjednice Republike Hrvatske) <\/em><br \/>\n<em>Predsjednik Hrvatkog energetskog dru\u0161tva, dr. Goran Grani\u0107 podsjetio je da je HED zapo\u010deo radom u prolje\u0107e 1992. godine i zahvaljuju\u0107i razumijevanju Svjetske energetske konferencije, ubrzo je postao njenim \u010dlanom. Uz \u017eelju da rad Foruma bude konstruktivan i uspje\u0161an, dr. sc. G. Grani\u0107 je ovom prigodom izrazio posebnu zahvalnost sponzorima, koji su omogu\u0107ili da se Forum realizira. <\/em><br \/>\n<em>Pokroviteljstvo nad spomenutom manifestacijom prihvatila je predsjednica \u00a0Republike Hrvatske gospo\u0111a Kolinda Grabar-Kitarovi\u0107, Ministarstvo znanosti i \u00a0obrazovanja, Ministarstvo gospodarstva, Akademija tehni\u010dkih znanosti Hrvatske te Hrvatska gospodarska komora. <\/em><br \/>\n<a href=\"http:\/\/www.hed.hr\/arhiva\/arhiva_forum2016_prezentacije.html\" target=\"_blank\" rel=\"noopener\">PREZENTACIJE<\/a><br \/>\n[\/et_pb_text][et_pb_gallery admin_label=&#8221;Gallery&#8221; gallery_ids=&#8221;3073,3074,3075,3076,3077,3078&#8243; fullwidth=&#8221;on&#8221; show_title_and_caption=&#8221;on&#8221; show_pagination=&#8221;on&#8221; background_layout=&#8221;light&#8221; auto=&#8221;on&#8221; hover_overlay_color=&#8221;rgba(255,255,255,0.9)&#8221; caption_all_caps=&#8221;off&#8221; use_border_color=&#8221;off&#8221; border_color=&#8221;#ffffff&#8221; border_style=&#8221;solid&#8221;] [\/et_pb_gallery][\/et_pb_column][\/et_pb_row][\/et_pb_section]<\/p>","protected":false},"excerpt":{"rendered":"<p>[et_pb_section admin_label=&#8221;section&#8221;][et_pb_row admin_label=&#8221;row&#8221;][et_pb_column type=&#8221;4_4&#8243;][et_pb_text admin_label=&#8221;Text&#8221; background_layout=&#8221;light&#8221; text_orientation=&#8221;left&#8221; use_border_color=&#8221;off&#8221; border_color=&#8221;#ffffff&#8221; border_style=&#8221;solid&#8221;] JEDINSTVENA ENERGETSKA I KLIMATSKA POLITIKA U OTVORENOM TR\u017dI\u0160TU ENERGIJE Godina dana nakon COP 21 \u00a0Hrvatsko energetsko dru\u0161tvo je 18. studenoga o.g. odr\u017ealo svoj\u00a0 25. energetski forum Dan energije u Hrvatskoj s temom: \u201e JEDINSTVENA ENERGETSKA I KLIMATSKA POLITIKA U OTVORENOM TR\u017dI\u0160TU ENERGIJE Godina dana nakon [&hellip;]<\/p>","protected":false},"author":4,"featured_media":0,"comment_status":"closed","ping_status":"closed","sticky":false,"template":"","format":"standard","meta":{"footnotes":""},"categories":[1],"tags":[],"class_list":["post-3071","post","type-post","status-publish","format-standard","hentry","category-nekategorizirano"],"_links":{"self":[{"href":"https:\/\/eihp.hr\/en\/wp-json\/wp\/v2\/posts\/3071","targetHints":{"allow":["GET"]}}],"collection":[{"href":"https:\/\/eihp.hr\/en\/wp-json\/wp\/v2\/posts"}],"about":[{"href":"https:\/\/eihp.hr\/en\/wp-json\/wp\/v2\/types\/post"}],"author":[{"embeddable":true,"href":"https:\/\/eihp.hr\/en\/wp-json\/wp\/v2\/users\/4"}],"replies":[{"embeddable":true,"href":"https:\/\/eihp.hr\/en\/wp-json\/wp\/v2\/comments?post=3071"}],"version-history":[{"count":0,"href":"https:\/\/eihp.hr\/en\/wp-json\/wp\/v2\/posts\/3071\/revisions"}],"wp:attachment":[{"href":"https:\/\/eihp.hr\/en\/wp-json\/wp\/v2\/media?parent=3071"}],"wp:term":[{"taxonomy":"category","embeddable":true,"href":"https:\/\/eihp.hr\/en\/wp-json\/wp\/v2\/categories?post=3071"},{"taxonomy":"post_tag","embeddable":true,"href":"https:\/\/eihp.hr\/en\/wp-json\/wp\/v2\/tags?post=3071"}],"curies":[{"name":"wp","href":"https:\/\/api.w.org\/{rel}","templated":true}]}}