{"id":3276,"date":"2017-03-28T11:33:53","date_gmt":"2017-03-28T09:33:53","guid":{"rendered":"http:\/\/www.eihp.hr\/?p=3276"},"modified":"2017-03-28T11:33:53","modified_gmt":"2017-03-28T09:33:53","slug":"3276","status":"publish","type":"post","link":"https:\/\/eihp.hr\/en\/3276\/","title":{"rendered":"4. RENEXPO\u00ae Water and Energy"},"content":{"rendered":"<p><a href=\"http:\/\/www.renexpo-belgrade.com\" target=\"_blank\" rel=\"noopener\"><img decoding=\"async\" class=\"size-full wp-image-3275 aligncenter\" src=\"http:\/\/www.eihp.hr\/wp-content\/uploads\/2017\/03\/RENBEO17-468x60_RS.jpg\" alt=\"\" width=\"468\" height=\"60\" srcset=\"https:\/\/eihp.hr\/wp-content\/uploads\/2017\/03\/RENBEO17-468x60_RS.jpg 468w, https:\/\/eihp.hr\/wp-content\/uploads\/2017\/03\/RENBEO17-468x60_RS-300x38.jpg 300w\" sizes=\"(max-width: 468px) 100vw, 468px\" \/><\/a><br \/>\n<span style=\"color: #000000;\"><a href=\"http:\/\/www.renexpo-belgrade.com\" target=\"_blank\" rel=\"noopener\"><em><strong>4. RENEXPO\u00ae Water and Energy<\/strong><\/em><\/a> &#8220;get-together&#8221; na temu vode i energije, odr\u017eati c\u0301e se od 25 &#8211; 27. travnja\u00a02017. u Beogradu. Tijekom 3 sajamska dana Beograd \u0107e\u00a0postati platforma za okupljanje i poslovne susrete energetskog i sektora voda iz \u010ditave regije. Andro Ba\u010dan iz Instituta \u0107e na konferenciji odr\u017eati predavanje pod nazivom: \u201eRazvoj tr\u017ei\u0161ta proizvodnje elektri\u010dne energije iz OIE u Republici Hrvatskoj i regiji s naglaskom na fotonaponske sustave\u201c. Za vi\u0161e informacija i raspored predavanja provjerite stranice sajma.<\/span><br \/>\n&nbsp;<\/p>","protected":false},"excerpt":{"rendered":"<p>4. RENEXPO\u00ae Water and Energy &#8220;get-together&#8221; na temu vode i energije, odr\u017eati c\u0301e se od 25 &#8211; 27. travnja\u00a02017. u Beogradu. Tijekom 3 sajamska dana Beograd \u0107e\u00a0postati platforma za okupljanje i poslovne susrete energetskog i sektora voda iz \u010ditave regije. Andro Ba\u010dan iz Instituta \u0107e na konferenciji odr\u017eati predavanje pod nazivom: \u201eRazvoj tr\u017ei\u0161ta proizvodnje elektri\u010dne [&hellip;]<\/p>","protected":false},"author":5,"featured_media":0,"comment_status":"closed","ping_status":"closed","sticky":false,"template":"","format":"standard","meta":{"footnotes":""},"categories":[1],"tags":[],"class_list":["post-3276","post","type-post","status-publish","format-standard","hentry","category-nekategorizirano"],"_links":{"self":[{"href":"https:\/\/eihp.hr\/en\/wp-json\/wp\/v2\/posts\/3276","targetHints":{"allow":["GET"]}}],"collection":[{"href":"https:\/\/eihp.hr\/en\/wp-json\/wp\/v2\/posts"}],"about":[{"href":"https:\/\/eihp.hr\/en\/wp-json\/wp\/v2\/types\/post"}],"author":[{"embeddable":true,"href":"https:\/\/eihp.hr\/en\/wp-json\/wp\/v2\/users\/5"}],"replies":[{"embeddable":true,"href":"https:\/\/eihp.hr\/en\/wp-json\/wp\/v2\/comments?post=3276"}],"version-history":[{"count":0,"href":"https:\/\/eihp.hr\/en\/wp-json\/wp\/v2\/posts\/3276\/revisions"}],"wp:attachment":[{"href":"https:\/\/eihp.hr\/en\/wp-json\/wp\/v2\/media?parent=3276"}],"wp:term":[{"taxonomy":"category","embeddable":true,"href":"https:\/\/eihp.hr\/en\/wp-json\/wp\/v2\/categories?post=3276"},{"taxonomy":"post_tag","embeddable":true,"href":"https:\/\/eihp.hr\/en\/wp-json\/wp\/v2\/tags?post=3276"}],"curies":[{"name":"wp","href":"https:\/\/api.w.org\/{rel}","templated":true}]}}