{"id":5461,"date":"2020-02-06T14:27:33","date_gmt":"2020-02-06T13:27:33","guid":{"rendered":"http:\/\/www.eihp.hr\/?p=5461"},"modified":"2020-02-06T14:27:33","modified_gmt":"2020-02-06T13:27:33","slug":"veliko-hvala-dr-sc-goranu-granicu","status":"publish","type":"post","link":"https:\/\/eihp.hr\/en\/veliko-hvala-dr-sc-goranu-granicu\/","title":{"rendered":"Veliko HVALA dr.sc. Goranu Grani\u0107u!"},"content":{"rendered":"<p>Na\u0161 dugogodi\u0161nji ravnatelj i idejni za\u010detnik Instituta dr. sc. Goran Grani\u0107 oti\u0161ao je u zaslu\u017eenu mirovinu s 47 godina sta\u017ea. Sve do zadnjeg dana u EIHP-u bio je jednako entuzijasti\u010dan i vizionarski nastrojen, kao i kroz cijeli svoj dugogodi\u0161nji rad. \u010covjek s ogromnim znanjem i iskustvom na podru\u010dju energetike, a posebno s vizijama <em>koje su najva\u017enije za rast i napredak, <\/em>kako je rekao A. Einstein (\u201cImagination is more important than knowledge. For knowledge is limited to all we now know and understand, while imagination embraces the entire world, and all there ever will be to know and understand.\u201d \u2015 Albert Einstein).<br \/>\nPod njegovim vodstvom Institut se oblikovao u cijenjenu i priznatu instituciju kako u Hrvatskoj, tako i u svijetu, pritom stvaraju\u0107i nove i priznate stru\u010dnjake na podru\u010dju energetike. EIHP se zajedno s njim samostalno borio na tr\u017ei\u0161tu kao jedini Institut u Hrvatskoj bez dr\u017eavnih subvencija. Zahvaljujemo mu \u0161to je stvarao EIHP ne samo za sebe ve\u0107 i za sve nas, pritom daju\u0107i cijeloga sebe. Pri izradi energetskih scenarija budu\u0107nosti i niskouglji\u010dne Hrvatske uvijek je vodio ra\u010duna o malom \u010dovjeku za kojeg je \u017eelio omogu\u0107iti kvalitetniji \u017eivot i nove prilike za razvoj. Onaj tko ga osobno poznaje, zna da nije samo veliki energetski stru\u010dnjak nego i veliki \u010dovjek, uvijek spreman pomo\u0107i. Svima nama u Institutu nedostajat \u0107e njegovo prisustvo.<br \/>\nRavnatelju, \u017eelimo Vam ugodnu i dugu mirovinu, zaslu\u017eili ste ju! Va\u0161i djelatnici EIHP-a!<br \/>\n<a href=\"http:\/\/www.eihp.hr\/wp-content\/uploads\/2020\/02\/DSC07839-1.jpg\"><img fetchpriority=\"high\" decoding=\"async\" class=\"aligncenter size-full wp-image-5465\" src=\"http:\/\/www.eihp.hr\/wp-content\/uploads\/2020\/02\/DSC07839-1.jpg\" alt=\"\" width=\"4492\" height=\"2204\" \/><\/a><\/p>","protected":false},"excerpt":{"rendered":"<p>Na\u0161 dugogodi\u0161nji ravnatelj i idejni za\u010detnik Instituta dr. sc. Goran Grani\u0107 oti\u0161ao je u zaslu\u017eenu mirovinu s 47 godina sta\u017ea. Sve do zadnjeg dana u EIHP-u bio je jednako entuzijasti\u010dan i vizionarski nastrojen, kao i kroz cijeli svoj dugogodi\u0161nji rad. \u010covjek s ogromnim znanjem i iskustvom na podru\u010dju energetike, a posebno s vizijama koje su [&hellip;]<\/p>","protected":false},"author":5,"featured_media":0,"comment_status":"closed","ping_status":"closed","sticky":false,"template":"","format":"standard","meta":{"footnotes":""},"categories":[1],"tags":[],"class_list":["post-5461","post","type-post","status-publish","format-standard","hentry","category-nekategorizirano"],"_links":{"self":[{"href":"https:\/\/eihp.hr\/en\/wp-json\/wp\/v2\/posts\/5461","targetHints":{"allow":["GET"]}}],"collection":[{"href":"https:\/\/eihp.hr\/en\/wp-json\/wp\/v2\/posts"}],"about":[{"href":"https:\/\/eihp.hr\/en\/wp-json\/wp\/v2\/types\/post"}],"author":[{"embeddable":true,"href":"https:\/\/eihp.hr\/en\/wp-json\/wp\/v2\/users\/5"}],"replies":[{"embeddable":true,"href":"https:\/\/eihp.hr\/en\/wp-json\/wp\/v2\/comments?post=5461"}],"version-history":[{"count":0,"href":"https:\/\/eihp.hr\/en\/wp-json\/wp\/v2\/posts\/5461\/revisions"}],"wp:attachment":[{"href":"https:\/\/eihp.hr\/en\/wp-json\/wp\/v2\/media?parent=5461"}],"wp:term":[{"taxonomy":"category","embeddable":true,"href":"https:\/\/eihp.hr\/en\/wp-json\/wp\/v2\/categories?post=5461"},{"taxonomy":"post_tag","embeddable":true,"href":"https:\/\/eihp.hr\/en\/wp-json\/wp\/v2\/tags?post=5461"}],"curies":[{"name":"wp","href":"https:\/\/api.w.org\/{rel}","templated":true}]}}