{"id":5994,"date":"2020-08-31T13:49:35","date_gmt":"2020-08-31T11:49:35","guid":{"rendered":"http:\/\/www.eihp.hr\/?p=5994"},"modified":"2022-04-28T23:20:16","modified_gmt":"2022-04-28T21:20:16","slug":"osnovano-vijece-predsjednika-republike-hrvatske-za-energetsku-tranziciju","status":"publish","type":"post","link":"https:\/\/eihp.hr\/en\/osnovano-vijece-predsjednika-republike-hrvatske-za-energetsku-tranziciju\/","title":{"rendered":"Osnovano Vije\u0107e predsjednika Republike Hrvatske za energetsku tranziciju"},"content":{"rendered":"<p>Hrvatski predsjednik Zoran Milanovi\u0107 osnovao je Vije\u0107e za energetsku tranziciju radi organizacije i vo\u0111enja stru\u010dne rasprave o posebno va\u017enim pitanjima iz podru\u010dja energetske tranzicije (prelaska na \u010diste i odr\u017eive izvore energije i za\u0161tite klime) u svrhu pripreme i komuniciranja stru\u010dnih podloga i smjernica iz podru\u010dja energetske tranzicije te izrade strate\u0161ke platforme od interesa za Republiku Hrvatsku. Za predsjednika Vije\u0107a imenovan je Julije Domac, a ravnatelj Instituta Dra\u017een Jak\u0161i\u0107 \u010dlan je Vije\u0107a. Vi\u0161e o svemu mo\u017eete pro\u010ditati na<a href=\"https:\/\/www.predsjednik.hr\/vijesti\/predsjednik-milanovic-u-hrvatskoj-javnosti-treba-jacati-svijest-o-potrebi-energetske-tranzicije\/\" target=\"_blank\" rel=\"noopener\"> linku<\/a>.<\/p>","protected":false},"excerpt":{"rendered":"<p>Hrvatski predsjednik Zoran Milanovi\u0107 osnovao je Vije\u0107e za energetsku tranziciju radi organizacije i vo\u0111enja stru\u010dne rasprave o posebno va\u017enim pitanjima iz podru\u010dja energetske tranzicije (prelaska na \u010diste i odr\u017eive izvore energije i za\u0161tite klime) u svrhu pripreme i komuniciranja stru\u010dnih podloga i smjernica iz podru\u010dja energetske tranzicije te izrade strate\u0161ke platforme od interesa za Republiku [&hellip;]<\/p>","protected":false},"author":5,"featured_media":0,"comment_status":"closed","ping_status":"closed","sticky":false,"template":"","format":"standard","meta":{"footnotes":""},"categories":[14],"tags":[],"class_list":["post-5994","post","type-post","status-publish","format-standard","hentry","category-aktualno"],"_links":{"self":[{"href":"https:\/\/eihp.hr\/en\/wp-json\/wp\/v2\/posts\/5994","targetHints":{"allow":["GET"]}}],"collection":[{"href":"https:\/\/eihp.hr\/en\/wp-json\/wp\/v2\/posts"}],"about":[{"href":"https:\/\/eihp.hr\/en\/wp-json\/wp\/v2\/types\/post"}],"author":[{"embeddable":true,"href":"https:\/\/eihp.hr\/en\/wp-json\/wp\/v2\/users\/5"}],"replies":[{"embeddable":true,"href":"https:\/\/eihp.hr\/en\/wp-json\/wp\/v2\/comments?post=5994"}],"version-history":[{"count":1,"href":"https:\/\/eihp.hr\/en\/wp-json\/wp\/v2\/posts\/5994\/revisions"}],"predecessor-version":[{"id":11373,"href":"https:\/\/eihp.hr\/en\/wp-json\/wp\/v2\/posts\/5994\/revisions\/11373"}],"wp:attachment":[{"href":"https:\/\/eihp.hr\/en\/wp-json\/wp\/v2\/media?parent=5994"}],"wp:term":[{"taxonomy":"category","embeddable":true,"href":"https:\/\/eihp.hr\/en\/wp-json\/wp\/v2\/categories?post=5994"},{"taxonomy":"post_tag","embeddable":true,"href":"https:\/\/eihp.hr\/en\/wp-json\/wp\/v2\/tags?post=5994"}],"curies":[{"name":"wp","href":"https:\/\/api.w.org\/{rel}","templated":true}]}}