{"id":6672,"date":"2021-03-31T08:52:06","date_gmt":"2021-03-31T06:52:06","guid":{"rendered":"http:\/\/www.eihp.hr\/?p=6672"},"modified":"2022-04-26T13:19:22","modified_gmt":"2022-04-26T11:19:22","slug":"gostovanje-marka-biscana-u-emisiji-poslovni-plan-projekt-label-2020","status":"publish","type":"post","link":"https:\/\/eihp.hr\/en\/gostovanje-marka-biscana-u-emisiji-poslovni-plan-projekt-label-2020\/","title":{"rendered":"Gostovanje Marka Bi\u0161\u0107ana u emisiji Poslovni plan &#8211; projekt LABEL 2020"},"content":{"rendered":"<p>Dana 30. o\u017eujka 2021. kolega Marko Bi\u0161\u0107an, voditelj LABEL2020 projekta, obavio jo\u0161 jedan u nizu razgovora za medije vezano za dolazak novih energetskih oznaka na hrvatsko tr\u017ei\u0161te. Za emisiju Poslovni plan dao je odgovore na upite kako \u0107e se nova oznaka odraziti na proces odlu\u010divanja prilikom kupovine u predstoje\u0107em razdoblju i koja pobolj\u0161anja je nova oznaka donijela potro\u0161a\u010dima.<br \/>\nEmisiju mo\u017eete pogledati u subotu 3. travnja 2021. u 11:30 na HRT2.<br \/>\n<img fetchpriority=\"high\" decoding=\"async\" class=\"alignnone wp-image-6670 size-large\" src=\"http:\/\/www.eihp.hr\/wp-content\/uploads\/2021\/03\/label20202_hrt-640x480.jpg\" alt=\"\" width=\"640\" height=\"480\" \/><\/p>","protected":false},"excerpt":{"rendered":"<p>Dana 30. o\u017eujka 2021. kolega Marko Bi\u0161\u0107an, voditelj LABEL2020 projekta, obavio jo\u0161 jedan u nizu razgovora za medije vezano za dolazak novih energetskih oznaka na hrvatsko tr\u017ei\u0161te. Za emisiju Poslovni plan dao je odgovore na upite kako \u0107e se nova oznaka odraziti na proces odlu\u010divanja prilikom kupovine u predstoje\u0107em razdoblju i koja pobolj\u0161anja je nova [&hellip;]<\/p>","protected":false},"author":5,"featured_media":0,"comment_status":"closed","ping_status":"closed","sticky":false,"template":"","format":"standard","meta":{"footnotes":""},"categories":[14,25],"tags":[],"class_list":["post-6672","post","type-post","status-publish","format-standard","hentry","category-aktualno","category-projekti"],"_links":{"self":[{"href":"https:\/\/eihp.hr\/en\/wp-json\/wp\/v2\/posts\/6672","targetHints":{"allow":["GET"]}}],"collection":[{"href":"https:\/\/eihp.hr\/en\/wp-json\/wp\/v2\/posts"}],"about":[{"href":"https:\/\/eihp.hr\/en\/wp-json\/wp\/v2\/types\/post"}],"author":[{"embeddable":true,"href":"https:\/\/eihp.hr\/en\/wp-json\/wp\/v2\/users\/5"}],"replies":[{"embeddable":true,"href":"https:\/\/eihp.hr\/en\/wp-json\/wp\/v2\/comments?post=6672"}],"version-history":[{"count":1,"href":"https:\/\/eihp.hr\/en\/wp-json\/wp\/v2\/posts\/6672\/revisions"}],"predecessor-version":[{"id":11200,"href":"https:\/\/eihp.hr\/en\/wp-json\/wp\/v2\/posts\/6672\/revisions\/11200"}],"wp:attachment":[{"href":"https:\/\/eihp.hr\/en\/wp-json\/wp\/v2\/media?parent=6672"}],"wp:term":[{"taxonomy":"category","embeddable":true,"href":"https:\/\/eihp.hr\/en\/wp-json\/wp\/v2\/categories?post=6672"},{"taxonomy":"post_tag","embeddable":true,"href":"https:\/\/eihp.hr\/en\/wp-json\/wp\/v2\/tags?post=6672"}],"curies":[{"name":"wp","href":"https:\/\/api.w.org\/{rel}","templated":true}]}}