{"id":6970,"date":"2021-06-20T13:57:21","date_gmt":"2021-06-20T11:57:21","guid":{"rendered":"http:\/\/www.eihp.hr\/?p=6970"},"modified":"2022-04-26T13:17:51","modified_gmt":"2022-04-26T11:17:51","slug":"obavijest-o-smrti-profesora-emeritus-dr-sc-slavko-krajcar","status":"publish","type":"post","link":"https:\/\/eihp.hr\/en\/obavijest-o-smrti-profesora-emeritus-dr-sc-slavko-krajcar\/","title":{"rendered":"Obavijest o smrti profesora emeritus dr. sc. Slavko Krajcar"},"content":{"rendered":"<p style=\"background: white; margin: 0cm 0cm 8.25pt 0cm;\"><span lang=\"HR\" style=\"font-family: Roboto; color: #333333;\">U petak, 18. lipnja 2021. godine,\u00a0u 71. godini \u017eivota iznenada je preminuo profesor emeritus dr. sc. Slavko Krajcar. <\/span><\/p>\n<p style=\"background: white; margin: 0cm 0cm 8.25pt 0cm;\"><span lang=\"HR\" style=\"font-family: Roboto; color: #333333;\">Veliki hrvatski pjesnik A. B. \u0160imi\u0107 je u jednoj svojoj pjesmi napisao \u201e<b>I smrt \u0107e biti sasma ne\u0161to ljudsko<\/b>\u201c, me\u0111utim te\u0161ko je to prihvatiti i s time se pomiriti, osobito u slu\u010daju \u010dovjeka kakav je bio prof. Krajcar, pun energije, ideja i optimizma.<\/span><\/p>\n<p style=\"background: white; margin: 0cm 0cm 8.25pt 0cm;\"><span lang=\"HR\" style=\"font-family: Roboto; color: #333333;\">Prerana smrt profesora Krajcara, koji je u jednom \u010detverogodi\u0161njem mandatu bio i predsjednik Upravnog vije\u0107a EIHP, duboko je potresla sve nas u Energetskom institutu Hrvoje Po\u017ear. <\/span><\/p>\n<p style=\"background: white; margin: 0cm 0cm 8.25pt 0cm;\"><span lang=\"HR\" style=\"font-family: Roboto; color: #333333;\">Mnogi na\u0161i zaposlenici bili su njegovi studenti, nekima je bio mentor ili \u010dlan povjerenstva kod izrade i obrane magistarskih radova i doktorskih disertacija, a neki su s njim bili i vrlo bliski prijatelji. <\/span><\/p>\n<p style=\"background: white; margin: 0cm 0cm 8.25pt 0cm;\"><span lang=\"HR\" style=\"font-family: Roboto; color: #333333;\">Akademska zajednica i energetska struka u Hrvatskoj i regiji, izgubile su vrlo vrijednog profesora i znanstvenika, a mi kao Energetski institut Hrvoje Po\u017ear, izgubili smo uva\u017eenog suradnika i nadasve dragog prijetelja.<\/span><\/p>\n<p style=\"background: white; margin: 0cm 0cm 8.25pt 0cm;\"><span lang=\"HR\" style=\"font-family: Roboto; color: #333333;\">Njegovoj obitelji, prijateljima i znancima izra\u017eavamo najdublje suosje\u0107anje.<\/span><\/p>\n<p><a href=\"https:\/\/eihp.hr\/en\/profesor-emeritus-dr-sc-slavko-krajcar\/\"><img fetchpriority=\"high\" decoding=\"async\" class=\"aligncenter wp-image-6971 size-full\" src=\"http:\/\/www.eihp.hr\/wp-content\/uploads\/2021\/06\/profesor-emeritus-dr.-sc.-Slavko-Krajcar..jpg\" alt=\"\" width=\"605\" height=\"428\" srcset=\"https:\/\/eihp.hr\/wp-content\/uploads\/2021\/06\/profesor-emeritus-dr.-sc.-Slavko-Krajcar..jpg 605w, https:\/\/eihp.hr\/wp-content\/uploads\/2021\/06\/profesor-emeritus-dr.-sc.-Slavko-Krajcar.-300x212.jpg 300w\" sizes=\"(max-width: 605px) 100vw, 605px\" \/><\/a><br \/>\n&nbsp;<\/p>","protected":false},"excerpt":{"rendered":"<p>U petak, 18. lipnja 2021. godine,\u00a0u 71. godini \u017eivota iznenada je preminuo profesor emeritus dr. sc. Slavko Krajcar. Veliki hrvatski pjesnik A. B. \u0160imi\u0107 je u jednoj svojoj pjesmi napisao \u201eI smrt \u0107e biti sasma ne\u0161to ljudsko\u201c, me\u0111utim te\u0161ko je to prihvatiti i s time se pomiriti, osobito u slu\u010daju \u010dovjeka kakav je bio prof. [&hellip;]<\/p>","protected":false},"author":5,"featured_media":0,"comment_status":"closed","ping_status":"closed","sticky":false,"template":"","format":"standard","meta":{"footnotes":""},"categories":[14],"tags":[],"class_list":["post-6970","post","type-post","status-publish","format-standard","hentry","category-aktualno"],"_links":{"self":[{"href":"https:\/\/eihp.hr\/en\/wp-json\/wp\/v2\/posts\/6970","targetHints":{"allow":["GET"]}}],"collection":[{"href":"https:\/\/eihp.hr\/en\/wp-json\/wp\/v2\/posts"}],"about":[{"href":"https:\/\/eihp.hr\/en\/wp-json\/wp\/v2\/types\/post"}],"author":[{"embeddable":true,"href":"https:\/\/eihp.hr\/en\/wp-json\/wp\/v2\/users\/5"}],"replies":[{"embeddable":true,"href":"https:\/\/eihp.hr\/en\/wp-json\/wp\/v2\/comments?post=6970"}],"version-history":[{"count":1,"href":"https:\/\/eihp.hr\/en\/wp-json\/wp\/v2\/posts\/6970\/revisions"}],"predecessor-version":[{"id":11192,"href":"https:\/\/eihp.hr\/en\/wp-json\/wp\/v2\/posts\/6970\/revisions\/11192"}],"wp:attachment":[{"href":"https:\/\/eihp.hr\/en\/wp-json\/wp\/v2\/media?parent=6970"}],"wp:term":[{"taxonomy":"category","embeddable":true,"href":"https:\/\/eihp.hr\/en\/wp-json\/wp\/v2\/categories?post=6970"},{"taxonomy":"post_tag","embeddable":true,"href":"https:\/\/eihp.hr\/en\/wp-json\/wp\/v2\/tags?post=6970"}],"curies":[{"name":"wp","href":"https:\/\/api.w.org\/{rel}","templated":true}]}}